{"id":45,"date":"2016-03-03T21:00:57","date_gmt":"2016-03-03T21:00:57","guid":{"rendered":"http:\/\/gotowanie.telenczuk.pl\/?p=45"},"modified":"2016-03-05T23:34:22","modified_gmt":"2016-03-05T23:34:22","slug":"quiche-z-dynia-i-szpinakiem","status":"publish","type":"post","link":"http:\/\/gotowanie.telenczuk.pl\/?p=45","title":{"rendered":"Quiche z dyni\u0105 i szpinakiem"},"content":{"rendered":"<p>&nbsp;<a href=\"http:\/\/gotowanie.telenczuk.pl\/wp-content\/uploads\/2016\/03\/img_0224.jpg\"><img src=\"http:\/\/gotowanie.telenczuk.pl\/wp-content\/uploads\/2016\/03\/img_0224.jpg\" alt=\"\"><\/a><\/p>\n<p>Sk\u0142adniki<\/p>\n<p>Na ciasto:&nbsp;<\/p>\n<p>http:\/\/www.marmiton.org\/recettes\/recette_pate-brisee-a-la-farine-complete_14572.aspx<\/p>\n<p>200 m\u0105ki razowej<\/p>\n<p>100g masla<\/p>\n<p>100 ml wody<\/p>\n<p>Szczypta soli<\/p>\n<p>Wymieszac wszystko niezbyt dokladnie.wlozyc do lodowki na 20 minut.rozwalkowywac i klasc do formy na quicha.mozna posypac sezamem.zrobic dziury widelcem.piec w 180 przez 15 min<\/p>\n<p>Na quiche:<\/p>\n<p>Dwa jajka&nbsp;<\/p>\n<p>cr\u00e8me fraiche&nbsp;<\/p>\n<p>Szpinak \u015awie\u017cy&nbsp;<\/p>\n<p>\u00bc dyni&nbsp;<\/p>\n<p>troch\u0119 startego \u017c\u00f3\u0142tego sera&nbsp;<\/p>\n<p>Muskat &nbsp;<\/p>\n<p>Przyprawa do roso\u0142u<\/p>\n<p>Wykonanie Upiec ciasto sch\u0142odzone roz\u0142o\u017cone na blasze posypane sezamem temperaturze 180\u00b0 przez jakie\u015b 15 min. w tym czasie na parze ugotowa\u0107 pokrojone kawa\u0142ki dyni oko\u0142o 25 min mo\u017cna te\u017c doda\u0107 kawa\u0142ki Marchewki nast\u0119pnie przez mniej wi\u0119cej 10 min ugotowa\u0107 na parze Szpinak. Potem razem zmiksowa\u0107 pozosta\u0142e sk\u0142adniki najpierw roz\u0142o\u017cy\u0107 na cie\u015bcie dynie potem Szpinak a potem pola\u0107 reszt\u0105 p\u0142ynu i gotowa\u0107 mniej wi\u0119cej 45 min<\/p>\n<p><a href=\"http:\/\/gotowanie.telenczuk.pl\/wp-content\/uploads\/2016\/03\/img_0223.jpg\"><img src=\"http:\/\/gotowanie.telenczuk.pl\/wp-content\/uploads\/2016\/03\/img_0223.jpg\" alt=\"\"><\/a>&nbsp;<\/p>\n<p>Szybkie i dobre w wykonaniu<\/p>\n","protected":false},"excerpt":{"rendered":"<p>&nbsp; Sk\u0142adniki Na ciasto:&nbsp; http:\/\/www.marmiton.org\/recettes\/recette_pate-brisee-a-la-farine-complete_14572.aspx 200 m\u0105ki razowej 100g masla 100 ml wody Szczypta soli Wymieszac wszystko niezbyt dokladnie.wlozyc do lodowki na 20 minut.rozwalkowywac i klasc do formy na quicha.mozna posypac sezamem.zrobic dziury widelcem.piec w 180 przez 15 min Na quiche: Dwa jajka&nbsp; cr\u00e8me fraiche&nbsp; Szpinak \u015awie\u017cy&nbsp; \u00bc dyni&nbsp; troch\u0119 startego \u017c\u00f3\u0142tego sera&nbsp; Muskat &nbsp; [&hellip;]<\/p>\n","protected":false},"author":1,"featured_media":48,"comment_status":"open","ping_status":"open","sticky":false,"template":"","format":"standard","meta":[],"categories":[11,18],"tags":[],"_links":{"self":[{"href":"http:\/\/gotowanie.telenczuk.pl\/index.php?rest_route=\/wp\/v2\/posts\/45"}],"collection":[{"href":"http:\/\/gotowanie.telenczuk.pl\/index.php?rest_route=\/wp\/v2\/posts"}],"about":[{"href":"http:\/\/gotowanie.telenczuk.pl\/index.php?rest_route=\/wp\/v2\/types\/post"}],"author":[{"embeddable":true,"href":"http:\/\/gotowanie.telenczuk.pl\/index.php?rest_route=\/wp\/v2\/users\/1"}],"replies":[{"embeddable":true,"href":"http:\/\/gotowanie.telenczuk.pl\/index.php?rest_route=%2Fwp%2Fv2%2Fcomments&post=45"}],"version-history":[{"count":3,"href":"http:\/\/gotowanie.telenczuk.pl\/index.php?rest_route=\/wp\/v2\/posts\/45\/revisions"}],"predecessor-version":[{"id":58,"href":"http:\/\/gotowanie.telenczuk.pl\/index.php?rest_route=\/wp\/v2\/posts\/45\/revisions\/58"}],"wp:featuredmedia":[{"embeddable":true,"href":"http:\/\/gotowanie.telenczuk.pl\/index.php?rest_route=\/wp\/v2\/media\/48"}],"wp:attachment":[{"href":"http:\/\/gotowanie.telenczuk.pl\/index.php?rest_route=%2Fwp%2Fv2%2Fmedia&parent=45"}],"wp:term":[{"taxonomy":"category","embeddable":true,"href":"http:\/\/gotowanie.telenczuk.pl\/index.php?rest_route=%2Fwp%2Fv2%2Fcategories&post=45"},{"taxonomy":"post_tag","embeddable":true,"href":"http:\/\/gotowanie.telenczuk.pl\/index.php?rest_route=%2Fwp%2Fv2%2Ftags&post=45"}],"curies":[{"name":"wp","href":"https:\/\/api.w.org\/{rel}","templated":true}]}}